{"id":707,"date":"2021-03-26T14:14:17","date_gmt":"2021-03-26T14:14:17","guid":{"rendered":"http:\/\/cafe-flower.de\/?p=707"},"modified":"2021-03-26T14:16:37","modified_gmt":"2021-03-26T14:16:37","slug":"unsere-produkte-im-das-garting","status":"publish","type":"post","link":"https:\/\/cafe-flower.de\/?p=707","title":{"rendered":"Unsere Produkte im &#8222;das Garting&#8220;"},"content":{"rendered":"\n<p>Kennt ihr schon &#8222;<a href=\"https:\/\/dasgarting.de\" target=\"_blank\" rel=\"noreferrer noopener\">Das Garting<\/a>&#8220; beim Viktualienmarkt in M\u00fcnchen?  Das Garting, den M\u00fcnchner Verkaufsladen f\u00fcr regionale Produkte der \u00d6lm\u00fchle Garting im Chiemgau findet ihr in der Westenriederstra\u00dfe 16. <\/p>\n\n\n\n<figure class=\"wp-block-image size-large\"><img loading=\"lazy\" decoding=\"async\" width=\"1024\" height=\"683\" src=\"https:\/\/cafe-flower.de\/wp-content\/uploads\/2021\/03\/1447_CF_Suppe_quer_72-1024x683.jpg\" alt=\"\" class=\"wp-image-709\" srcset=\"https:\/\/cafe-flower.de\/wp-content\/uploads\/2021\/03\/1447_CF_Suppe_quer_72-1024x683.jpg 1024w, https:\/\/cafe-flower.de\/wp-content\/uploads\/2021\/03\/1447_CF_Suppe_quer_72-300x200.jpg 300w, https:\/\/cafe-flower.de\/wp-content\/uploads\/2021\/03\/1447_CF_Suppe_quer_72-768x512.jpg 768w, https:\/\/cafe-flower.de\/wp-content\/uploads\/2021\/03\/1447_CF_Suppe_quer_72-1536x1024.jpg 1536w, https:\/\/cafe-flower.de\/wp-content\/uploads\/2021\/03\/1447_CF_Suppe_quer_72-2048x1365.jpg 2048w, https:\/\/cafe-flower.de\/wp-content\/uploads\/2021\/03\/1447_CF_Suppe_quer_72-612x408.jpg 612w, https:\/\/cafe-flower.de\/wp-content\/uploads\/2021\/03\/1447_CF_Suppe_quer_72-1224x816.jpg 1224w, https:\/\/cafe-flower.de\/wp-content\/uploads\/2021\/03\/1447_CF_Suppe_quer_72-936x624.jpg 936w, https:\/\/cafe-flower.de\/wp-content\/uploads\/2021\/03\/1447_CF_Suppe_quer_72-1872x1248.jpg 1872w, https:\/\/cafe-flower.de\/wp-content\/uploads\/2021\/03\/1447_CF_Suppe_quer_72-1440x960.jpg 1440w, https:\/\/cafe-flower.de\/wp-content\/uploads\/2021\/03\/1447_CF_Suppe_quer_72-720x480.jpg 720w\" sizes=\"auto, (max-width: 1024px) 100vw, 1024px\" \/><\/figure>\n\n\n\n<p>Wir freuen uns sehr, dass wir unsere Saucen, Suppen, Kaspresskn\u00f6del und Pflanzer dort anbieten k\u00f6nnen.<\/p>\n\n\n\n<p>Au\u00dferdem haben wir ab sofort die tollen \u00d6le der \u00d6lm\u00fchle aus dem Chiemgau bei uns im Caf\u00e9. Die kleinen Fl\u00e4schchen mit besonderem Inhalt sind auch ein tolles Mitbringsel oder eine deftige Alternative im Osterk\u00f6rbchen.<\/p>\n\n\n\n<figure class=\"wp-block-image size-large\"><img loading=\"lazy\" decoding=\"async\" width=\"683\" height=\"1024\" src=\"https:\/\/cafe-flower.de\/wp-content\/uploads\/2021\/03\/1466_CF_oele_72-683x1024.jpg\" alt=\"\" class=\"wp-image-710\" srcset=\"https:\/\/cafe-flower.de\/wp-content\/uploads\/2021\/03\/1466_CF_oele_72-683x1024.jpg 683w, https:\/\/cafe-flower.de\/wp-content\/uploads\/2021\/03\/1466_CF_oele_72-200x300.jpg 200w, https:\/\/cafe-flower.de\/wp-content\/uploads\/2021\/03\/1466_CF_oele_72-768x1152.jpg 768w, https:\/\/cafe-flower.de\/wp-content\/uploads\/2021\/03\/1466_CF_oele_72-1024x1536.jpg 1024w, https:\/\/cafe-flower.de\/wp-content\/uploads\/2021\/03\/1466_CF_oele_72-1365x2048.jpg 1365w, https:\/\/cafe-flower.de\/wp-content\/uploads\/2021\/03\/1466_CF_oele_72-612x918.jpg 612w, https:\/\/cafe-flower.de\/wp-content\/uploads\/2021\/03\/1466_CF_oele_72-1224x1836.jpg 1224w, https:\/\/cafe-flower.de\/wp-content\/uploads\/2021\/03\/1466_CF_oele_72-936x1404.jpg 936w, https:\/\/cafe-flower.de\/wp-content\/uploads\/2021\/03\/1466_CF_oele_72-1440x2160.jpg 1440w, https:\/\/cafe-flower.de\/wp-content\/uploads\/2021\/03\/1466_CF_oele_72-720x1080.jpg 720w, https:\/\/cafe-flower.de\/wp-content\/uploads\/2021\/03\/1466_CF_oele_72.jpg 1500w\" sizes=\"auto, (max-width: 683px) 100vw, 683px\" \/><\/figure>\n","protected":false},"excerpt":{"rendered":"<p>Kennt ihr schon &#8222;Das Garting&#8220; beim Viktualienmarkt in M\u00fcnchen? Das Garting, den M\u00fcnchner Verkaufsladen f\u00fcr regionale Produkte der \u00d6lm\u00fchle Garting im Chiemgau findet ihr in der Westenriederstra\u00dfe 16. Wir freuen uns sehr, dass wir unsere Saucen, Suppen, Kaspresskn\u00f6del und Pflanzer dort anbieten k\u00f6nnen. Au\u00dferdem haben wir ab sofort die tollen \u00d6le der \u00d6lm\u00fchle aus dem&#8230; <a href=\"https:\/\/cafe-flower.de\/?p=707\">Continue reading <span class=\"screen-reader-text\">&#8222;Unsere Produkte im &#8222;das Garting&#8220;&#8220;<\/span><\/a><\/p>\n","protected":false},"author":1,"featured_media":0,"comment_status":"closed","ping_status":"open","sticky":false,"template":"","format":"standard","meta":{"footnotes":""},"categories":[1],"tags":[],"class_list":["post-707","post","type-post","status-publish","format-standard","hentry","category-uncategorized"],"_links":{"self":[{"href":"https:\/\/cafe-flower.de\/index.php?rest_route=\/wp\/v2\/posts\/707","targetHints":{"allow":["GET"]}}],"collection":[{"href":"https:\/\/cafe-flower.de\/index.php?rest_route=\/wp\/v2\/posts"}],"about":[{"href":"https:\/\/cafe-flower.de\/index.php?rest_route=\/wp\/v2\/types\/post"}],"author":[{"embeddable":true,"href":"https:\/\/cafe-flower.de\/index.php?rest_route=\/wp\/v2\/users\/1"}],"replies":[{"embeddable":true,"href":"https:\/\/cafe-flower.de\/index.php?rest_route=%2Fwp%2Fv2%2Fcomments&post=707"}],"version-history":[{"count":2,"href":"https:\/\/cafe-flower.de\/index.php?rest_route=\/wp\/v2\/posts\/707\/revisions"}],"predecessor-version":[{"id":711,"href":"https:\/\/cafe-flower.de\/index.php?rest_route=\/wp\/v2\/posts\/707\/revisions\/711"}],"wp:attachment":[{"href":"https:\/\/cafe-flower.de\/index.php?rest_route=%2Fwp%2Fv2%2Fmedia&parent=707"}],"wp:term":[{"taxonomy":"category","embeddable":true,"href":"https:\/\/cafe-flower.de\/index.php?rest_route=%2Fwp%2Fv2%2Fcategories&post=707"},{"taxonomy":"post_tag","embeddable":true,"href":"https:\/\/cafe-flower.de\/index.php?rest_route=%2Fwp%2Fv2%2Ftags&post=707"}],"curies":[{"name":"wp","href":"https:\/\/api.w.org\/{rel}","templated":true}]}}